{"id":4852,"date":"2018-10-15T14:01:00","date_gmt":"2018-10-15T14:01:00","guid":{"rendered":"https:\/\/visionups.com\/visionups.com\/?p=4852"},"modified":"2019-12-03T06:47:59","modified_gmt":"2019-12-03T06:47:59","slug":"batterx-au-parlement-de-wallonie","status":"publish","type":"post","link":"https:\/\/visionups.com\/fr\/blog\/2018\/10\/15\/batterx-au-parlement-de-wallonie\/","title":{"rendered":"batterX\u00ae au parlement de Wallonie"},"content":{"rendered":"<div class='epvc-post-count'><span class='epvc-eye'><\/span>  <span class=\"epvc-count\"> 2\u00a0891<\/span><span class='epvc-label'> Views<\/span><\/div>\n<figure class=\"wp-block-image size-large\"><img loading=\"lazy\" decoding=\"async\" width=\"770\" height=\"385\" src=\"https:\/\/visionups.com\/fr\/wp-content\/uploads\/sites\/3\/2019\/11\/6-single-default.png\" alt=\"\" class=\"wp-image-4858\"\/><\/figure>\n\n\n<p>M. Willems, manager g\u00e9n\u00e9ral chez batterX\u00ae a particip\u00e9 au d\u00e9bat sur l\u2019int\u00e9gration des \u00e9nergies renouvelables et intermittentes dans le r\u00e9seau du transport et de la distribution. Cette journ\u00e9e de r\u00e9flexion \u00e9tait organis\u00e9e par Edmund STOFFELS (d\u00e9put\u00e9 wallon du groupe PS) le 18 septembre 2017 au Parlement de Wallonie \u00e0 Namur (Belgique). Lors de son intervention, M.Willems a mis en avant les solutions unique propos\u00e9es par nos syst\u00e8mes batterX\u00ae pour les m\u00e9nages priv\u00e9s, les entreprises et les op\u00e9rateurs r\u00e9seau.<\/p>\n<h4>\u00ab\u00a0FACE AUX GRAND DEFIS, IL FAUT UNE POLITIQUE ENERGETIQUE AMBITIEUSE\u00a0\u00bb<\/h4>","protected":false},"excerpt":{"rendered":"<p>2\u00a0891 Views M. Willems, manager g\u00e9n\u00e9ral chez batterX\u00ae a particip\u00e9 au d\u00e9bat sur l\u2019int\u00e9gration des \u00e9nergies renouvelables et intermittentes dans le r\u00e9seau du transport et de la distribution. Cette journ\u00e9e de r\u00e9flexion \u00e9tait organis\u00e9e par Edmund STOFFELS (d\u00e9put\u00e9 wallon du groupe PS) le 18 septembre 2017 au Parlement de Wallonie \u00e0 Namur (Belgique). Lors de [&hellip;]<\/p>\n","protected":false},"author":1,"featured_media":4858,"comment_status":"closed","ping_status":"closed","sticky":false,"template":"","format":"standard","meta":{"footnotes":""},"categories":[148],"tags":[],"class_list":["post-4852","post","type-post","status-publish","format-standard","has-post-thumbnail","hentry","category-general"],"_links":{"self":[{"href":"https:\/\/visionups.com\/fr\/wp-json\/wp\/v2\/posts\/4852","targetHints":{"allow":["GET"]}}],"collection":[{"href":"https:\/\/visionups.com\/fr\/wp-json\/wp\/v2\/posts"}],"about":[{"href":"https:\/\/visionups.com\/fr\/wp-json\/wp\/v2\/types\/post"}],"author":[{"embeddable":true,"href":"https:\/\/visionups.com\/fr\/wp-json\/wp\/v2\/users\/1"}],"replies":[{"embeddable":true,"href":"https:\/\/visionups.com\/fr\/wp-json\/wp\/v2\/comments?post=4852"}],"version-history":[{"count":4,"href":"https:\/\/visionups.com\/fr\/wp-json\/wp\/v2\/posts\/4852\/revisions"}],"predecessor-version":[{"id":5007,"href":"https:\/\/visionups.com\/fr\/wp-json\/wp\/v2\/posts\/4852\/revisions\/5007"}],"wp:featuredmedia":[{"embeddable":true,"href":"https:\/\/visionups.com\/fr\/wp-json\/wp\/v2\/media\/4858"}],"wp:attachment":[{"href":"https:\/\/visionups.com\/fr\/wp-json\/wp\/v2\/media?parent=4852"}],"wp:term":[{"taxonomy":"category","embeddable":true,"href":"https:\/\/visionups.com\/fr\/wp-json\/wp\/v2\/categories?post=4852"},{"taxonomy":"post_tag","embeddable":true,"href":"https:\/\/visionups.com\/fr\/wp-json\/wp\/v2\/tags?post=4852"}],"curies":[{"name":"wp","href":"https:\/\/api.w.org\/{rel}","templated":true}]}}